{"id":859,"date":"2014-05-23T22:57:53","date_gmt":"2014-05-23T22:57:53","guid":{"rendered":"http:\/\/kumonlidice.com.br\/portal\/?p=294"},"modified":"2014-05-23T22:57:53","modified_gmt":"2014-05-23T22:57:53","slug":"desenvolva-a-capacidade-do-seu-filho-antes-do-ensino-fundamental","status":"publish","type":"post","link":"https:\/\/kumonlidice.com.br\/portal\/desenvolva-a-capacidade-do-seu-filho-antes-do-ensino-fundamental\/","title":{"rendered":"Desenvolva a capacidade do seu filho antes do  Ensino Fundamental"},"content":{"rendered":"<p>\t\t\t\t<a href=\"https:\/\/kumonlidice.com.br\/portal\/wp-content\/uploads\/2014\/05\/MIGUEL.2.jpg\"><img fetchpriority=\"high\" decoding=\"async\" class=\"alignleft wp-image-296\" src=\"https:\/\/kumonlidice.com.br\/portal\/wp-content\/uploads\/2014\/05\/MIGUEL.2.jpg\" alt=\"Maril\u00e9a Tann\u00fas e Miguel Stefani\" width=\"265\" height=\"197\" srcset=\"https:\/\/kumonlidice.com.br\/portal\/wp-content\/uploads\/2014\/05\/MIGUEL.2.jpg 599w, https:\/\/kumonlidice.com.br\/portal\/wp-content\/uploads\/2014\/05\/MIGUEL.2-300x223.jpg 300w\" sizes=\"(max-width: 265px) 100vw, 265px\" \/><\/a>Uma crian\u00e7a em idade pr\u00e9-escolar que se interessa pelos n\u00fameros e pelas letras consegue contar, somar e subtrair com facilidade e tamb\u00e9m escrever seu nome e at\u00e9 mesmo ler. Isso lhe dar\u00e1 muita tranquilidade na escola ao ingressar no Ensino Fundamental.<\/p>\n<p>Crian\u00e7as que come\u00e7am o aprendizado no Kumon ainda na etapa pr\u00e9-escolar incorporam a capacidade b\u00e1sica de escrita de n\u00fameros e de letras com mais facilidade e prazer.<\/p>\n<p>Mesmo a crian\u00e7a que ainda n\u00e3o consegue segurar bem o l\u00e1pis ou que mal come\u00e7ou a desenhar, \u00e9 muito bem-vinda no Kumon. Isto porque quanto antes ela come\u00e7ar no m\u00e9todo Kumon, mais poder\u00e1 desenvolver o seu potencial.\t\t<\/p>\n","protected":false},"excerpt":{"rendered":"<p>Uma crian\u00e7a em idade pr\u00e9-escolar que se interessa pelos n\u00fameros e pelas letras consegue contar, somar e subtrair com facilidade e tamb\u00e9m escrever seu nome e at\u00e9 mesmo ler. Isso lhe dar\u00e1 muita tranquilidade na escola ao ingressar no Ensino Fundamental. Crian\u00e7as que come\u00e7am o aprendizado no Kumon ainda na etapa pr\u00e9-escolar incorporam a capacidade &#8230; <a title=\"Desenvolva a capacidade do seu filho antes do  Ensino Fundamental\" class=\"read-more\" href=\"https:\/\/kumonlidice.com.br\/portal\/desenvolva-a-capacidade-do-seu-filho-antes-do-ensino-fundamental\/\" aria-label=\"More on Desenvolva a capacidade do seu filho antes do  Ensino Fundamental\">Ler mais<\/a><\/p>\n","protected":false},"author":5,"featured_media":296,"comment_status":"open","ping_status":"open","sticky":false,"template":"","format":"standard","meta":{"footnotes":""},"categories":[7],"tags":[11,27,31,44],"class_list":["post-859","post","type-post","status-publish","format-standard","has-post-thumbnail","hentry","category-noticias","tag-capacidade","tag-kumon","tag-metodo","tag-uberlandia"],"_links":{"self":[{"href":"https:\/\/kumonlidice.com.br\/portal\/wp-json\/wp\/v2\/posts\/859","targetHints":{"allow":["GET"]}}],"collection":[{"href":"https:\/\/kumonlidice.com.br\/portal\/wp-json\/wp\/v2\/posts"}],"about":[{"href":"https:\/\/kumonlidice.com.br\/portal\/wp-json\/wp\/v2\/types\/post"}],"author":[{"embeddable":true,"href":"https:\/\/kumonlidice.com.br\/portal\/wp-json\/wp\/v2\/users\/5"}],"replies":[{"embeddable":true,"href":"https:\/\/kumonlidice.com.br\/portal\/wp-json\/wp\/v2\/comments?post=859"}],"version-history":[{"count":0,"href":"https:\/\/kumonlidice.com.br\/portal\/wp-json\/wp\/v2\/posts\/859\/revisions"}],"wp:featuredmedia":[{"embeddable":true,"href":"https:\/\/kumonlidice.com.br\/portal\/wp-json\/wp\/v2\/media\/296"}],"wp:attachment":[{"href":"https:\/\/kumonlidice.com.br\/portal\/wp-json\/wp\/v2\/media?parent=859"}],"wp:term":[{"taxonomy":"category","embeddable":true,"href":"https:\/\/kumonlidice.com.br\/portal\/wp-json\/wp\/v2\/categories?post=859"},{"taxonomy":"post_tag","embeddable":true,"href":"https:\/\/kumonlidice.com.br\/portal\/wp-json\/wp\/v2\/tags?post=859"}],"curies":[{"name":"wp","href":"https:\/\/api.w.org\/{rel}","templated":true}]}}