{"id":782,"date":"2018-08-16T20:28:49","date_gmt":"2018-08-16T20:28:49","guid":{"rendered":"http:\/\/kumonlidice.com.br\/portal\/?p=782"},"modified":"2018-08-16T20:28:49","modified_gmt":"2018-08-16T20:28:49","slug":"dona-do-proprio-futuro-maria-eliza","status":"publish","type":"post","link":"https:\/\/kumonlidice.com.br\/portal\/dona-do-proprio-futuro-maria-eliza\/","title":{"rendered":"Dona do Pr\u00f3prio Futuro \u2013 Maria Eliza"},"content":{"rendered":"<p>\t\t\t\t<a href=\"https:\/\/kumonlidice.com.br\/portal\/wp-content\/uploads\/2018\/08\/IMG-20180809-WA0008.jpg\"><img fetchpriority=\"high\" decoding=\"async\" class=\"alignnone size-full wp-image-783\" src=\"https:\/\/kumonlidice.com.br\/portal\/wp-content\/uploads\/2018\/08\/IMG-20180809-WA0008.jpg\" alt=\"IMG-20180809-WA0008\" width=\"1280\" height=\"960\" srcset=\"https:\/\/kumonlidice.com.br\/portal\/wp-content\/uploads\/2018\/08\/IMG-20180809-WA0008.jpg 1280w, https:\/\/kumonlidice.com.br\/portal\/wp-content\/uploads\/2018\/08\/IMG-20180809-WA0008-300x225.jpg 300w, https:\/\/kumonlidice.com.br\/portal\/wp-content\/uploads\/2018\/08\/IMG-20180809-WA0008-1024x768.jpg 1024w, https:\/\/kumonlidice.com.br\/portal\/wp-content\/uploads\/2018\/08\/IMG-20180809-WA0008-768x576.jpg 768w\" sizes=\"(max-width: 1280px) 100vw, 1280px\" \/><\/a><\/p>\n<p>Maria Eliza Ferreira foi aluna do Kumon L\u00eddice, homenageada em 2017, na EXPO de Ribeir\u00e3o Preto, pelo seu desempenho exemplar.<\/p>\n<p>Recentemente fez interc\u00e2mbio por um ano no M\u00e9xico, retornou ao Brasil em agosto de 2018 para receber seu Trof\u00e9u Liga L (conte\u00fados de matem\u00e1tica superior estando apenas no segundo ano do Ensino M\u00e9dio).<\/p>\n<p>Obrigado Maria Eliza, por fazer parte destes 20 anos de hist\u00f3ria!\t\t<\/p>\n","protected":false},"excerpt":{"rendered":"<p>Maria Eliza Ferreira foi aluna do Kumon L\u00eddice, homenageada em 2017, na EXPO de Ribeir\u00e3o Preto, pelo seu desempenho exemplar. Recentemente fez interc\u00e2mbio por um ano no M\u00e9xico, retornou ao Brasil em agosto de 2018 para receber seu Trof\u00e9u Liga L (conte\u00fados de matem\u00e1tica superior estando apenas no segundo ano do Ensino M\u00e9dio). Obrigado Maria &#8230; <a title=\"Dona do Pr\u00f3prio Futuro \u2013 Maria Eliza\" class=\"read-more\" href=\"https:\/\/kumonlidice.com.br\/portal\/dona-do-proprio-futuro-maria-eliza\/\" aria-label=\"More on Dona do Pr\u00f3prio Futuro \u2013 Maria Eliza\">Ler mais<\/a><\/p>\n","protected":false},"author":5,"featured_media":783,"comment_status":"open","ping_status":"open","sticky":false,"template":"","format":"standard","meta":{"footnotes":""},"categories":[1],"tags":[],"class_list":["post-782","post","type-post","status-publish","format-standard","has-post-thumbnail","hentry","category-sem-categoria"],"_links":{"self":[{"href":"https:\/\/kumonlidice.com.br\/portal\/wp-json\/wp\/v2\/posts\/782","targetHints":{"allow":["GET"]}}],"collection":[{"href":"https:\/\/kumonlidice.com.br\/portal\/wp-json\/wp\/v2\/posts"}],"about":[{"href":"https:\/\/kumonlidice.com.br\/portal\/wp-json\/wp\/v2\/types\/post"}],"author":[{"embeddable":true,"href":"https:\/\/kumonlidice.com.br\/portal\/wp-json\/wp\/v2\/users\/5"}],"replies":[{"embeddable":true,"href":"https:\/\/kumonlidice.com.br\/portal\/wp-json\/wp\/v2\/comments?post=782"}],"version-history":[{"count":0,"href":"https:\/\/kumonlidice.com.br\/portal\/wp-json\/wp\/v2\/posts\/782\/revisions"}],"wp:featuredmedia":[{"embeddable":true,"href":"https:\/\/kumonlidice.com.br\/portal\/wp-json\/wp\/v2\/media\/783"}],"wp:attachment":[{"href":"https:\/\/kumonlidice.com.br\/portal\/wp-json\/wp\/v2\/media?parent=782"}],"wp:term":[{"taxonomy":"category","embeddable":true,"href":"https:\/\/kumonlidice.com.br\/portal\/wp-json\/wp\/v2\/categories?post=782"},{"taxonomy":"post_tag","embeddable":true,"href":"https:\/\/kumonlidice.com.br\/portal\/wp-json\/wp\/v2\/tags?post=782"}],"curies":[{"name":"wp","href":"https:\/\/api.w.org\/{rel}","templated":true}]}}