{"id":779,"date":"2018-08-16T20:05:15","date_gmt":"2018-08-16T20:05:15","guid":{"rendered":"http:\/\/kumonlidice.com.br\/portal\/?p=779"},"modified":"2018-08-16T20:05:15","modified_gmt":"2018-08-16T20:05:15","slug":"determinacao-que-vai-alem-fernando-vital","status":"publish","type":"post","link":"https:\/\/kumonlidice.com.br\/portal\/determinacao-que-vai-alem-fernando-vital\/","title":{"rendered":"Determina\u00e7\u00e3o que vai al\u00e9m &#8211; Fernando Vital"},"content":{"rendered":"<p>\t\t\t\t<a href=\"https:\/\/kumonlidice.com.br\/portal\/wp-content\/uploads\/2018\/08\/IMG-20180812-WA0012.jpg\"><img fetchpriority=\"high\" decoding=\"async\" class=\"alignnone size-full wp-image-780\" src=\"https:\/\/kumonlidice.com.br\/portal\/wp-content\/uploads\/2018\/08\/IMG-20180812-WA0012.jpg\" alt=\"IMG-20180812-WA0012\" width=\"960\" height=\"1280\" srcset=\"https:\/\/kumonlidice.com.br\/portal\/wp-content\/uploads\/2018\/08\/IMG-20180812-WA0012.jpg 960w, https:\/\/kumonlidice.com.br\/portal\/wp-content\/uploads\/2018\/08\/IMG-20180812-WA0012-225x300.jpg 225w, https:\/\/kumonlidice.com.br\/portal\/wp-content\/uploads\/2018\/08\/IMG-20180812-WA0012-768x1024.jpg 768w\" sizes=\"(max-width: 960px) 100vw, 960px\" \/><\/a><\/p>\n<p>Ver nossos alunos se desenvolvendo e trilhando seus pr\u00f3prios caminhos \u00e9 nossa maior gratifica\u00e7\u00e3o. E com nosso aluno Fernando Vital n\u00e3o foi diferente. Fernando come\u00e7ou o Kumon de matem\u00e1tica no est\u00e1gio 4A, em fevereiro de 2012. Seu compromisso e dedica\u00e7\u00e3o como aluno, permitiram que ele superasse barreiras e se tornasse um aluno independente, autodidata, 6 anos adiantado da s\u00e9rie escolar.<\/p>\n<p>Hoje, aos 16 anos, Fernando acaba de concluir o Kumon de matem\u00e1tica, est\u00e1gio O, com 100% de acerto no teste de assimila\u00e7\u00e3o. Somos gratos por poder presenciar o desenvolvimento de um aluno brilhante, e temos certeza de que conquistar\u00e1 muitas outras vit\u00f3rias daqui para frente!\t\t<\/p>\n","protected":false},"excerpt":{"rendered":"<p>Ver nossos alunos se desenvolvendo e trilhando seus pr\u00f3prios caminhos \u00e9 nossa maior gratifica\u00e7\u00e3o. E com nosso aluno Fernando Vital n\u00e3o foi diferente. Fernando come\u00e7ou o Kumon de matem\u00e1tica no est\u00e1gio 4A, em fevereiro de 2012. Seu compromisso e dedica\u00e7\u00e3o como aluno, permitiram que ele superasse barreiras e se tornasse um aluno independente, autodidata, 6 &#8230; <a title=\"Determina\u00e7\u00e3o que vai al\u00e9m &#8211; Fernando Vital\" class=\"read-more\" href=\"https:\/\/kumonlidice.com.br\/portal\/determinacao-que-vai-alem-fernando-vital\/\" aria-label=\"More on Determina\u00e7\u00e3o que vai al\u00e9m &#8211; Fernando Vital\">Ler mais<\/a><\/p>\n","protected":false},"author":5,"featured_media":780,"comment_status":"open","ping_status":"open","sticky":false,"template":"","format":"standard","meta":{"footnotes":""},"categories":[1],"tags":[],"class_list":["post-779","post","type-post","status-publish","format-standard","has-post-thumbnail","hentry","category-sem-categoria"],"_links":{"self":[{"href":"https:\/\/kumonlidice.com.br\/portal\/wp-json\/wp\/v2\/posts\/779","targetHints":{"allow":["GET"]}}],"collection":[{"href":"https:\/\/kumonlidice.com.br\/portal\/wp-json\/wp\/v2\/posts"}],"about":[{"href":"https:\/\/kumonlidice.com.br\/portal\/wp-json\/wp\/v2\/types\/post"}],"author":[{"embeddable":true,"href":"https:\/\/kumonlidice.com.br\/portal\/wp-json\/wp\/v2\/users\/5"}],"replies":[{"embeddable":true,"href":"https:\/\/kumonlidice.com.br\/portal\/wp-json\/wp\/v2\/comments?post=779"}],"version-history":[{"count":0,"href":"https:\/\/kumonlidice.com.br\/portal\/wp-json\/wp\/v2\/posts\/779\/revisions"}],"wp:featuredmedia":[{"embeddable":true,"href":"https:\/\/kumonlidice.com.br\/portal\/wp-json\/wp\/v2\/media\/780"}],"wp:attachment":[{"href":"https:\/\/kumonlidice.com.br\/portal\/wp-json\/wp\/v2\/media?parent=779"}],"wp:term":[{"taxonomy":"category","embeddable":true,"href":"https:\/\/kumonlidice.com.br\/portal\/wp-json\/wp\/v2\/categories?post=779"},{"taxonomy":"post_tag","embeddable":true,"href":"https:\/\/kumonlidice.com.br\/portal\/wp-json\/wp\/v2\/tags?post=779"}],"curies":[{"name":"wp","href":"https:\/\/api.w.org\/{rel}","templated":true}]}}