{"id":313,"date":"2014-05-26T01:09:41","date_gmt":"2014-05-26T01:09:41","guid":{"rendered":"http:\/\/kumonlidice.com.br\/portal\/?p=313"},"modified":"2014-05-26T01:09:41","modified_gmt":"2014-05-26T01:09:41","slug":"mensagem-de-marcia-e-sara","status":"publish","type":"post","link":"https:\/\/kumonlidice.com.br\/portal\/mensagem-de-marcia-e-sara\/","title":{"rendered":"Mensagem de M\u00e1rcia e Sara"},"content":{"rendered":"<p style=\"text-align: justify;\"><a href=\"https:\/\/kumonlidice.com.br\/portal\/wp-content\/uploads\/2014\/05\/Sara-e-Marcia.jpg\"><img fetchpriority=\"high\" decoding=\"async\" class=\"alignleft  wp-image-314\" src=\"https:\/\/kumonlidice.com.br\/portal\/wp-content\/uploads\/2014\/05\/Sara-e-Marcia.jpg\" alt=\"Sara e M\u00e1rcia\" width=\"406\" height=\"267\" srcset=\"https:\/\/kumonlidice.com.br\/portal\/wp-content\/uploads\/2014\/05\/Sara-e-Marcia.jpg 564w, https:\/\/kumonlidice.com.br\/portal\/wp-content\/uploads\/2014\/05\/Sara-e-Marcia-300x197.jpg 300w\" sizes=\"(max-width: 406px) 100vw, 406px\" \/><\/a>Fazer Kumon de Portugu\u00eas para Sara foi uma experi\u00eancia muito importante em sua vida escolar. Deu a ela seguran\u00e7a e confian\u00e7a para continuar sua jornada de aprendizagem. At\u00e9 ent\u00e3o Sara n\u00e3o sabia nem qual curso iria fazer; assim que concluiu o Kumon de Portugu\u00eas se viu mais entusiasmada, acreditando cada vez mais em sua capacidade, em seu esfor\u00e7o, desenvolvendo ainda mais sua intelig\u00eancia. Sara definiu sua vida, estruturou seus estudos e quer continuar vencendo sempre, porque agora se deu conta de que \u00e9 sim muito capaz.<br \/>\nM\u00e1rcia<\/p>\n<p style=\"text-align: justify;\">Dedico este est\u00e1gio \u00e0 professora Maril\u00e9a que me acompanhou durante todo o curso e contribuiu muito para minha forma\u00e7\u00e3o e para que essa meta se realizasse. Obrigada Maril\u00e9a por me fazer persistir e sempre ter me apoiado. Nunca esqueci sua palavras: \u201cEu quero, eu posso, eu consigo, sou capaz!\u201d<br \/>\nAgrade\u00e7o imensamente por tudo que a equipe Kumon L\u00eddice fez por mim ao longo desses anos de conviv\u00eancia.<br \/>\nAbra\u00e7os.<br \/>\nSara Oliveira<br \/>\n4\/4\/2013<\/p>\n","protected":false},"excerpt":{"rendered":"<p>Fazer Kumon de Portugu\u00eas para Sara foi uma experi\u00eancia muito importante em sua vida escolar. Deu a ela seguran\u00e7a e confian\u00e7a para continuar sua jornada de aprendizagem. At\u00e9 ent\u00e3o Sara n\u00e3o sabia nem qual curso iria fazer; assim que concluiu o Kumon de Portugu\u00eas se viu mais entusiasmada, acreditando cada vez mais em sua capacidade, &#8230; <a title=\"Mensagem de M\u00e1rcia e Sara\" class=\"read-more\" href=\"https:\/\/kumonlidice.com.br\/portal\/mensagem-de-marcia-e-sara\/\" aria-label=\"More on Mensagem de M\u00e1rcia e Sara\">Ler mais<\/a><\/p>\n","protected":false},"author":1,"featured_media":314,"comment_status":"open","ping_status":"open","sticky":false,"template":"","format":"standard","meta":{"footnotes":""},"categories":[7],"tags":[27,30,31,44],"class_list":["post-313","post","type-post","status-publish","format-standard","has-post-thumbnail","hentry","category-noticias","tag-kumon","tag-mensagem","tag-metodo","tag-uberlandia"],"_links":{"self":[{"href":"https:\/\/kumonlidice.com.br\/portal\/wp-json\/wp\/v2\/posts\/313","targetHints":{"allow":["GET"]}}],"collection":[{"href":"https:\/\/kumonlidice.com.br\/portal\/wp-json\/wp\/v2\/posts"}],"about":[{"href":"https:\/\/kumonlidice.com.br\/portal\/wp-json\/wp\/v2\/types\/post"}],"author":[{"embeddable":true,"href":"https:\/\/kumonlidice.com.br\/portal\/wp-json\/wp\/v2\/users\/1"}],"replies":[{"embeddable":true,"href":"https:\/\/kumonlidice.com.br\/portal\/wp-json\/wp\/v2\/comments?post=313"}],"version-history":[{"count":0,"href":"https:\/\/kumonlidice.com.br\/portal\/wp-json\/wp\/v2\/posts\/313\/revisions"}],"wp:featuredmedia":[{"embeddable":true,"href":"https:\/\/kumonlidice.com.br\/portal\/wp-json\/wp\/v2\/media\/314"}],"wp:attachment":[{"href":"https:\/\/kumonlidice.com.br\/portal\/wp-json\/wp\/v2\/media?parent=313"}],"wp:term":[{"taxonomy":"category","embeddable":true,"href":"https:\/\/kumonlidice.com.br\/portal\/wp-json\/wp\/v2\/categories?post=313"},{"taxonomy":"post_tag","embeddable":true,"href":"https:\/\/kumonlidice.com.br\/portal\/wp-json\/wp\/v2\/tags?post=313"}],"curies":[{"name":"wp","href":"https:\/\/api.w.org\/{rel}","templated":true}]}}